{"id":4428,"date":"2014-11-22T00:58:08","date_gmt":"2014-11-21T23:58:08","guid":{"rendered":"http:\/\/www.graphandart.eu\/?p=4428"},"modified":"2021-12-04T21:57:18","modified_gmt":"2021-12-04T20:57:18","slug":"philippe-apeloig","status":"publish","type":"post","link":"http:\/\/www.graphandart.eu\/?p=4428","title":{"rendered":"Philippe Apeloig"},"content":{"rendered":"<p>N\u00e9 \u00e0 Paris en 1962, Philippe Apeloig poursuit des \u00e9tudes de graphisme \u00e0 l\u2019\u00c9cole sup\u00e9rieure des arts appliqu\u00e9s \u00ab&nbsp;Duperr\u00e9&nbsp;\u00bb et \u00e0 l\u2019<a href=\"http:\/\/www.garamond.culture.fr\/fr\/page\/ensad_paris\">\u00c9cole nationale sup\u00e9rieure des Arts D\u00e9coratifs<\/a> (Ensad). Il entre en stage chez Total Design \u00e0 Amsterdam, puis collabore avec April Greiman \u00e0 Los Angeles. Fondant son propre studio \u00e0 Paris, en 1989, il travaille essentiellement dans le champ culturel \u2013 Carr\u00e9 d\u2019Art de N\u00eemes, Culturesfrance, Institut national d\u2019Histoire de l\u2019Art (INHA), mus\u00e9e d\u2019Art et d\u2019Histoire du Juda\u00efsme, mus\u00e9e du Louvre, mus\u00e9e Rodin, th\u00e9\u00e2tre du Ch\u00e2telet, etc. Il se singularise notamment par un emploi renouvel\u00e9 de la lettre et par ses conceptions de caract\u00e8res originaux, tr\u00e8s g\u00e9om\u00e9triques et jouant sur la visibilit\u00e9 dans le registre de l\u2019affiche notamment.<\/p>\n<div id=\"exergue\">\n<p>\u00ab&nbsp;Le Garamond, du fait de sa perfection, du fait que tout a \u00e9t\u00e9 tellement bien \u00e9tudi\u00e9, est difficile \u00e0 transgresser.&nbsp;\u00bb<\/p>\n<\/div>\n<div class=\"sepa01\">&nbsp;Conf\u00e9rant une port\u00e9e artistique au graphisme et \u00e0 la typographie, il est, \u00e0 ce titre, pensionnaire \u00e0 la Villa M\u00e9dicis, en 1995, o\u00f9 il parfait ses cr\u00e9ations d\u2019alphabets. Prim\u00e9 dans de nombreux festivals en France et \u00e0 l\u2019\u00e9tranger, il b\u00e9n\u00e9ficie d\u2019importantes expositions personnelles et ses cr\u00e9ations sont acquises par des institutions culturelles au plan international (dont le MoMA). Enseignant la typographie \u00e0 l\u2019\u00c9cole nationale sup\u00e9rieure des Arts D\u00e9coratifs de Paris jusqu\u2019en 1998, il est \u00e9galement professeur \u00e0 la Cooper Union School of Art (New York) jusqu\u2019en 2002, et intervient dans plusieurs \u00e9coles dans le monde. Il est \u00e0 signaler ses travaux pour les \u00e9diteurs La Martini\u00e8re, Phaidon, Le Serpent \u00e0 plumes, Robert Laffont, NiL \u00e9ditions \u2013 pour ce dernier il r\u00e9alise la collection \u00ab&nbsp;Exquis d\u2019\u00e9crivains\u00bb, \u00e0 partir de 2007, mettant en valeur le <a href=\"http:\/\/www.garamond.culture.fr\/fr\/page\/vulgarisation_du_garamond\">caract\u00e8re Galliard<\/a> de Matthew Carter.<\/div>\n<div class=\"sepa01\"><\/div>\n<div class=\"sepa01\"><em>Source:http:\/\/www.garamond.culture.fr\/fr\/page\/philippe_apeloig<\/em><\/div>\n<p>&nbsp;<\/p>\n","protected":false},"excerpt":{"rendered":"<p>N\u00e9 \u00e0 Paris en 1962, Philippe Apeloig poursuit des \u00e9tudes de graphisme \u00e0 l\u2019\u00c9cole sup\u00e9rieure des arts appliqu\u00e9s \u00ab&nbsp;Duperr\u00e9&nbsp;\u00bb et \u00e0 l\u2019\u00c9cole nationale sup\u00e9rieure des Arts D\u00e9coratifs (Ensad). Il entre en stage chez Total Design \u00e0 Amsterdam, puis collabore avec April Greiman \u00e0 Los Angeles. Fondant son propre studio \u00e0 Paris, en 1989, il travaille essentiellement dans le champ culturel \u2013 Carr\u00e9 d\u2019Art de N\u00eemes, Culturesfrance, Institut national d\u2019Histoire de l\u2019Art (INHA), mus\u00e9e d\u2019Art et d\u2019Histoire du Juda\u00efsme, mus\u00e9e du Louvre, mus\u00e9e Rodin, th\u00e9\u00e2tre du Ch\u00e2telet, etc. Il se singularise notamment par un emploi renouvel\u00e9 de la lettre et par&#8230;<\/p>\n","protected":false},"author":1,"featured_media":4856,"comment_status":"open","ping_status":"open","sticky":false,"template":"","format":"standard","meta":[],"categories":[75,87],"tags":[],"_links":{"self":[{"href":"http:\/\/www.graphandart.eu\/index.php?rest_route=\/wp\/v2\/posts\/4428"}],"collection":[{"href":"http:\/\/www.graphandart.eu\/index.php?rest_route=\/wp\/v2\/posts"}],"about":[{"href":"http:\/\/www.graphandart.eu\/index.php?rest_route=\/wp\/v2\/types\/post"}],"author":[{"embeddable":true,"href":"http:\/\/www.graphandart.eu\/index.php?rest_route=\/wp\/v2\/users\/1"}],"replies":[{"embeddable":true,"href":"http:\/\/www.graphandart.eu\/index.php?rest_route=%2Fwp%2Fv2%2Fcomments&post=4428"}],"version-history":[{"count":3,"href":"http:\/\/www.graphandart.eu\/index.php?rest_route=\/wp\/v2\/posts\/4428\/revisions"}],"predecessor-version":[{"id":4857,"href":"http:\/\/www.graphandart.eu\/index.php?rest_route=\/wp\/v2\/posts\/4428\/revisions\/4857"}],"wp:featuredmedia":[{"embeddable":true,"href":"http:\/\/www.graphandart.eu\/index.php?rest_route=\/wp\/v2\/media\/4856"}],"wp:attachment":[{"href":"http:\/\/www.graphandart.eu\/index.php?rest_route=%2Fwp%2Fv2%2Fmedia&parent=4428"}],"wp:term":[{"taxonomy":"category","embeddable":true,"href":"http:\/\/www.graphandart.eu\/index.php?rest_route=%2Fwp%2Fv2%2Fcategories&post=4428"},{"taxonomy":"post_tag","embeddable":true,"href":"http:\/\/www.graphandart.eu\/index.php?rest_route=%2Fwp%2Fv2%2Ftags&post=4428"}],"curies":[{"name":"wp","href":"https:\/\/api.w.org\/{rel}","templated":true}]}}